{"id":8607,"date":"2026-09-01T13:10:58","date_gmt":"2026-09-01T17:10:58","guid":{"rendered":"https:\/\/clehaiti.org\/?p=8607"},"modified":"2026-09-01T13:11:02","modified_gmt":"2026-09-01T17:11:02","slug":"yon-ti-jes-pou-lavni-le-jen-yo-chwazi-aji-pou-kominote-yo","status":"publish","type":"post","link":"https:\/\/clehaiti.org\/fr\/yon-ti-jes-pou-lavni-le-jen-yo-chwazi-aji-pou-kominote-yo\/","title":{"rendered":"Yon ti j\u00e8s pou lavni : l\u00e8 j\u00e8n yo chwazi aji pou kominote yo"},"content":{"rendered":"<p class=\"wp-block-paragraph\">\u00c8ske nou dwe toujou tann yon l\u00f2t moun vini ak solisyon l\u00e8 gen yon pwobl\u00e8m nan kominote nou ? Kisa nou kapab f\u00e8 poukont nou ? Se nan lide sa yon gwoup j\u00e8n ki soti nan plizy\u00e8 depatman, deside lanse yon inisyativ pou ede timoun yo nan pery\u00f2d rantre lek\u00f2l la. Se apre yo te konsate difikilte k\u00e8k paran ak timoun ap rankontre pou prepare retou lek\u00f2l la yo te deside lanse aksyon sa.<\/p>\n\n\n\n<p class=\"wp-block-paragraph\">Pou <strong>Senphara<\/strong>, premye etap la se te yon refleksyon sou fason yo menm, k\u00f2m j\u00e8n, te kapab kontribye menmsi yo pa genyen gwo mwayen. <strong>Midza<\/strong> kore deklarasyon sila, l\u00e8 li eksplike : \u00ab Nou pa vle rete ap gade pwobl\u00e8m timoun yo, men nou vle aji ansanm. \u00bb<\/p>\n\n\n\n<p class=\"wp-block-paragraph\">Se konsa bezwen an vin mennen volonte pou aji paske pou j\u00e8n yo, edikasyon se yonn nan baz ki kapab p\u00e8m\u00e8t yon timoun devlope potansy\u00e8l li epi prepare lavni li. Yo konsidere edikasyon k\u00f2m yon mot\u00e8 chanjman pou sosyete a epi k\u00f2m yon dwa fondamantal pou chak timoun. L\u00e8 yon timoun gen matery\u00e8l li bezwen pou ale lek\u00f2l, sa kapab ba li plis posiblite pou l aprann epi prepare avni li. <em>\u00ab Chak timoun merite gen yon chans pou aprann, reve epi prepare avni li. \u00bb<\/em>, sa <strong>Midza<\/strong> deklare.&nbsp;<\/p>\n\n\n\n<p class=\"wp-block-paragraph\">Objektif inisyativ la se rive sip\u00f2te 200 timoun nan chak depatman.<\/p>\n\n\n\n<p class=\"wp-block-paragraph\">Men aksyon an pa limite ak matery\u00e8l yo pral distribye, li se tou, yon fason pa yo pou montre yon kominote kapab reyini resous li yo pou reponn ak yon bezwen ki manifeste. Pou montre yon ti j\u00e8s ki kapab pote yon gwo enpak. <strong>Senphara <\/strong>deklare : \u00ab Nou aprann l\u00e8 nou mete t\u00e8t ansanm ak resous nou genyen, nou ka f\u00e8 gwo bagay \u00bb, Dapre li, eksperyans lan montre solidarite kominot\u00e8 a toujou la. <strong>&nbsp;Midza<\/strong> ale nan menm sans lan l\u00e8 li ensiste pou di yon moun pa bezwen gen anpil resous pou l k\u00f2manse. Li ka kontribye ak tan li, vwa li, lide li oswa kapasite li genyen pou mobilize l\u00f2t moun.<\/p>\n\n\n\n<p class=\"wp-block-paragraph\">Angajman sitwayen pa vle di ranplase Leta. Pale de inisyativ sitwayen pa vle di retire responsabilite Leta. Leta gen yon w\u00f2l fondamantal pou jwe nan garanti aks\u00e8 ak edikasyon ak nan mete an plas politik piblik ki kapab reponn ak bezwen popilasyon an. Men sa pa anpeche sitwayen yo ak sosyete sivil la mete men ansanm pou chanje sa yo kapab, l\u00e8 kont\u00e8ks la mande sa.<\/p>\n\n\n\n<p class=\"wp-block-paragraph\"><strong>Senphara<\/strong> di sa kl\u00e8 : <em>\u00ab Leta gen prensipal responsablite pou rann edikasyon ak s\u00e8vis de baz yo aksesib, men sosyete sivil la ak sitwayen yo gen yon w\u00f2l pou yo jwe tou. \u00bb<\/em><\/p>\n\n\n\n<p class=\"wp-block-paragraph\">L\u00e8 yon sitwayen w\u00e8 yon difikilte epi li ch\u00e8che fason pou l kontribye nan solisyon an, li ap egz\u00e8se yon f\u00f2m responsablite<em> <\/em>anv\u00e8 kominote li.<\/p>\n\n\n\n<p class=\"wp-block-paragraph\">Lid\u00e8chip se sa tou epi se yon gwo pa nan konstriksyon sosyete nou vle genyen an.<br><br><strong>Ketsia Sara DESPEIGNES<\/strong><strong><br><\/strong><strong>Leonaldo CHERY<\/strong><\/p>","protected":false},"excerpt":{"rendered":"<p>\u00c8ske nou dwe toujou tann yon l\u00f2t moun vini ak solisyon l\u00e8 gen yon pwobl\u00e8m nan kominote nou ? Kisa nou kapab f\u00e8 poukont nou ? Se nan lide sa yon gwoup j\u00e8n ki soti nan plizy\u00e8 depatman, deside lanse yon inisyativ pou ede timoun yo nan pery\u00f2d rantre lek\u00f2l la. Se apre yo te&hellip;&nbsp;<a href=\"https:\/\/clehaiti.org\/fr\/yon-ti-jes-pou-lavni-le-jen-yo-chwazi-aji-pou-kominote-yo\/\" rel=\"bookmark\">Lire la suite &raquo;<span class=\"screen-reader-text\">Yon ti j\u00e8s pou lavni : l\u00e8 j\u00e8n yo chwazi aji pou kominote yo<\/span><\/a><\/p>","protected":false},"author":11,"featured_media":8608,"comment_status":"open","ping_status":"open","sticky":false,"template":"","format":"standard","meta":{"give_campaign_id":0,"neve_meta_sidebar":"","neve_meta_container":"","neve_meta_enable_content_width":"","neve_meta_content_width":0,"neve_meta_title_alignment":"","neve_meta_author_avatar":"","neve_post_elements_order":"","neve_meta_disable_header":"","neve_meta_disable_footer":"","neve_meta_disable_title":"","footnotes":""},"categories":[1],"tags":[145,146,102,128,139,10,133,147,99,12,148,143,140],"class_list":["post-8607","post","type-post","status-publish","format-standard","has-post-thumbnail","hentry","category-istwa-angaje-yo","tag-angaje","tag-angajman","tag-ayiti","tag-bati-avni","tag-chanjman","tag-clehaiti","tag-jen","tag-kominote","tag-lavni","tag-leadership","tag-lekol","tag-peyi","tag-sitwayen"],"yoast_head":"<!-- This site is optimized with the Yoast SEO plugin v28.4 - https:\/\/yoast.com\/product\/yoast-seo-wordpress\/ -->\n<title>Yon ti j\u00e8s pou lavni : l\u00e8 j\u00e8n yo chwazi aji pou kominote yo - CLE HAITI<\/title>\n<meta name=\"description\" content=\"\u00c8ske nou dwe toujou tann yon l\u00f2t moun vini ak solisyon l\u00e8 gen yon pwobl\u00e8m nan kominote nou ? Kisa nou kapab f\u00e8 poukont nou ? Se nan lide sa yon gwoup j\u00e8n ki soti nan plizy\u00e8 depatman, deside lanse yon inisyativ pou ede timoun yo nan pery\u00f2d rantre lek\u00f2l la. Se apre yo te konsate difikilte k\u00e8k paran ak timoun ap rankontre pou prepare retou lek\u00f2l la yo te deside lanse aksyon sa.\" \/>\n<meta name=\"robots\" content=\"index, follow, max-snippet:-1, max-image-preview:large, max-video-preview:-1\" \/>\n<link rel=\"canonical\" href=\"https:\/\/clehaiti.org\/fr\/yon-ti-jes-pou-lavni-le-jen-yo-chwazi-aji-pou-kominote-yo\/\" \/>\n<meta property=\"og:locale\" content=\"fr_FR\" \/>\n<meta property=\"og:type\" content=\"article\" \/>\n<meta property=\"og:title\" content=\"Yon ti j\u00e8s pou lavni : l\u00e8 j\u00e8n yo chwazi aji pou kominote yo - CLE HAITI\" \/>\n<meta property=\"og:description\" content=\"\u00c8ske nou dwe toujou tann yon l\u00f2t moun vini ak solisyon l\u00e8 gen yon pwobl\u00e8m nan kominote nou ? Kisa nou kapab f\u00e8 poukont nou ? Se nan lide sa yon gwoup j\u00e8n ki soti nan plizy\u00e8 depatman, deside lanse yon inisyativ pou ede timoun yo nan pery\u00f2d rantre lek\u00f2l la. Se apre yo te konsate difikilte k\u00e8k paran ak timoun ap rankontre pou prepare retou lek\u00f2l la yo te deside lanse aksyon sa.\" \/>\n<meta property=\"og:url\" content=\"https:\/\/clehaiti.org\/fr\/yon-ti-jes-pou-lavni-le-jen-yo-chwazi-aji-pou-kominote-yo\/\" \/>\n<meta property=\"og:site_name\" content=\"CLE HAITI\" \/>\n<meta property=\"article:published_time\" content=\"2026-09-01T17:10:58+00:00\" \/>\n<meta property=\"article:modified_time\" content=\"2026-09-01T17:11:02+00:00\" \/>\n<meta property=\"og:image\" content=\"https:\/\/clehaiti.org\/wp-content\/uploads\/2026\/09\/DSC06924-1-scaled.jpg\" \/>\n\t<meta property=\"og:image:width\" content=\"2560\" \/>\n\t<meta property=\"og:image:height\" content=\"1707\" \/>\n\t<meta property=\"og:image:type\" content=\"image\/jpeg\" \/>\n<meta name=\"author\" content=\"Ketsia Sara Despeignes\" \/>\n<meta name=\"twitter:card\" content=\"summary_large_image\" \/>\n<meta name=\"twitter:label1\" content=\"\u00c9crit par\" \/>\n\t<meta name=\"twitter:data1\" content=\"Ketsia Sara Despeignes\" \/>\n\t<meta name=\"twitter:label2\" content=\"Dur\u00e9e de lecture estim\u00e9e\" \/>\n\t<meta name=\"twitter:data2\" content=\"3 minutes\" \/>\n<script type=\"application\/ld+json\" class=\"yoast-schema-graph\">{\"@context\":\"https:\\\/\\\/schema.org\",\"@graph\":[{\"@type\":\"Article\",\"@id\":\"https:\\\/\\\/clehaiti.org\\\/yon-ti-jes-pou-lavni-le-jen-yo-chwazi-aji-pou-kominote-yo\\\/#article\",\"isPartOf\":{\"@id\":\"https:\\\/\\\/clehaiti.org\\\/yon-ti-jes-pou-lavni-le-jen-yo-chwazi-aji-pou-kominote-yo\\\/\"},\"author\":{\"name\":\"Ketsia Sara Despeignes\",\"@id\":\"https:\\\/\\\/clehaiti.org\\\/#\\\/schema\\\/person\\\/94ebf7721ed6da1793a3e4ecdb47b24a\"},\"headline\":\"Yon ti j\u00e8s pou lavni : l\u00e8 j\u00e8n yo chwazi aji pou kominote yo\",\"datePublished\":\"2026-09-01T17:10:58+00:00\",\"dateModified\":\"2026-09-01T17:11:02+00:00\",\"mainEntityOfPage\":{\"@id\":\"https:\\\/\\\/clehaiti.org\\\/yon-ti-jes-pou-lavni-le-jen-yo-chwazi-aji-pou-kominote-yo\\\/\"},\"wordCount\":517,\"commentCount\":0,\"publisher\":{\"@id\":\"https:\\\/\\\/clehaiti.org\\\/#organization\"},\"image\":{\"@id\":\"https:\\\/\\\/clehaiti.org\\\/yon-ti-jes-pou-lavni-le-jen-yo-chwazi-aji-pou-kominote-yo\\\/#primaryimage\"},\"thumbnailUrl\":\"https:\\\/\\\/clehaiti.org\\\/wp-content\\\/uploads\\\/2026\\\/09\\\/DSC06924-1-scaled.jpg\",\"keywords\":[\"angaje\",\"angajman\",\"ayiti\",\"bati avni\",\"chanjman\",\"clehaiti\",\"j\u00e8n\",\"kominote\",\"lavni\",\"leadership\",\"lek\u00f2l\",\"peyi\",\"sitwayen\"],\"articleSection\":[\"Istwa Angaje yo\"],\"inLanguage\":\"fr-FR\",\"potentialAction\":[{\"@type\":\"CommentAction\",\"name\":\"Comment\",\"target\":[\"https:\\\/\\\/clehaiti.org\\\/yon-ti-jes-pou-lavni-le-jen-yo-chwazi-aji-pou-kominote-yo\\\/#respond\"]}]},{\"@type\":\"WebPage\",\"@id\":\"https:\\\/\\\/clehaiti.org\\\/yon-ti-jes-pou-lavni-le-jen-yo-chwazi-aji-pou-kominote-yo\\\/\",\"url\":\"https:\\\/\\\/clehaiti.org\\\/yon-ti-jes-pou-lavni-le-jen-yo-chwazi-aji-pou-kominote-yo\\\/\",\"name\":\"Yon ti j\u00e8s pou lavni : l\u00e8 j\u00e8n yo chwazi aji pou kominote yo - CLE HAITI\",\"isPartOf\":{\"@id\":\"https:\\\/\\\/clehaiti.org\\\/#website\"},\"primaryImageOfPage\":{\"@id\":\"https:\\\/\\\/clehaiti.org\\\/yon-ti-jes-pou-lavni-le-jen-yo-chwazi-aji-pou-kominote-yo\\\/#primaryimage\"},\"image\":{\"@id\":\"https:\\\/\\\/clehaiti.org\\\/yon-ti-jes-pou-lavni-le-jen-yo-chwazi-aji-pou-kominote-yo\\\/#primaryimage\"},\"thumbnailUrl\":\"https:\\\/\\\/clehaiti.org\\\/wp-content\\\/uploads\\\/2026\\\/09\\\/DSC06924-1-scaled.jpg\",\"datePublished\":\"2026-09-01T17:10:58+00:00\",\"dateModified\":\"2026-09-01T17:11:02+00:00\",\"description\":\"\u00c8ske nou dwe toujou tann yon l\u00f2t moun vini ak solisyon l\u00e8 gen yon pwobl\u00e8m nan kominote nou ? Kisa nou kapab f\u00e8 poukont nou ? Se nan lide sa yon gwoup j\u00e8n ki soti nan plizy\u00e8 depatman, deside lanse yon inisyativ pou ede timoun yo nan pery\u00f2d rantre lek\u00f2l la. Se apre yo te konsate difikilte k\u00e8k paran ak timoun ap rankontre pou prepare retou lek\u00f2l la yo te deside lanse aksyon sa.\",\"breadcrumb\":{\"@id\":\"https:\\\/\\\/clehaiti.org\\\/yon-ti-jes-pou-lavni-le-jen-yo-chwazi-aji-pou-kominote-yo\\\/#breadcrumb\"},\"inLanguage\":\"fr-FR\",\"potentialAction\":[{\"@type\":\"ReadAction\",\"target\":[\"https:\\\/\\\/clehaiti.org\\\/yon-ti-jes-pou-lavni-le-jen-yo-chwazi-aji-pou-kominote-yo\\\/\"]}]},{\"@type\":\"ImageObject\",\"inLanguage\":\"fr-FR\",\"@id\":\"https:\\\/\\\/clehaiti.org\\\/yon-ti-jes-pou-lavni-le-jen-yo-chwazi-aji-pou-kominote-yo\\\/#primaryimage\",\"url\":\"https:\\\/\\\/clehaiti.org\\\/wp-content\\\/uploads\\\/2026\\\/09\\\/DSC06924-1-scaled.jpg\",\"contentUrl\":\"https:\\\/\\\/clehaiti.org\\\/wp-content\\\/uploads\\\/2026\\\/09\\\/DSC06924-1-scaled.jpg\",\"width\":2560,\"height\":1707},{\"@type\":\"BreadcrumbList\",\"@id\":\"https:\\\/\\\/clehaiti.org\\\/yon-ti-jes-pou-lavni-le-jen-yo-chwazi-aji-pou-kominote-yo\\\/#breadcrumb\",\"itemListElement\":[{\"@type\":\"ListItem\",\"position\":1,\"name\":\"Home\",\"item\":\"https:\\\/\\\/clehaiti.org\\\/\"},{\"@type\":\"ListItem\",\"position\":2,\"name\":\"Yon ti j\u00e8s pou lavni : l\u00e8 j\u00e8n yo chwazi aji pou kominote yo\"}]},{\"@type\":\"WebSite\",\"@id\":\"https:\\\/\\\/clehaiti.org\\\/#website\",\"url\":\"https:\\\/\\\/clehaiti.org\\\/\",\"name\":\"CLE HAITI\",\"description\":\"Building a Social Change Leadership Plan for Haiti\",\"publisher\":{\"@id\":\"https:\\\/\\\/clehaiti.org\\\/#organization\"},\"potentialAction\":[{\"@type\":\"SearchAction\",\"target\":{\"@type\":\"EntryPoint\",\"urlTemplate\":\"https:\\\/\\\/clehaiti.org\\\/?s={search_term_string}\"},\"query-input\":{\"@type\":\"PropertyValueSpecification\",\"valueRequired\":true,\"valueName\":\"search_term_string\"}}],\"inLanguage\":\"fr-FR\"},{\"@type\":\"Organization\",\"@id\":\"https:\\\/\\\/clehaiti.org\\\/#organization\",\"name\":\"CLE HAITI\",\"url\":\"https:\\\/\\\/clehaiti.org\\\/\",\"logo\":{\"@type\":\"ImageObject\",\"inLanguage\":\"fr-FR\",\"@id\":\"https:\\\/\\\/clehaiti.org\\\/#\\\/schema\\\/logo\\\/image\\\/\",\"url\":\"https:\\\/\\\/clehaiti.org\\\/wp-content\\\/uploads\\\/2021\\\/09\\\/cropped-cle_logo_combined_official-1.png\",\"contentUrl\":\"https:\\\/\\\/clehaiti.org\\\/wp-content\\\/uploads\\\/2021\\\/09\\\/cropped-cle_logo_combined_official-1.png\",\"width\":7671,\"height\":2476,\"caption\":\"CLE HAITI\"},\"image\":{\"@id\":\"https:\\\/\\\/clehaiti.org\\\/#\\\/schema\\\/logo\\\/image\\\/\"}},{\"@type\":\"Person\",\"@id\":\"https:\\\/\\\/clehaiti.org\\\/#\\\/schema\\\/person\\\/94ebf7721ed6da1793a3e4ecdb47b24a\",\"name\":\"Ketsia Sara Despeignes\",\"image\":{\"@type\":\"ImageObject\",\"inLanguage\":\"fr-FR\",\"@id\":\"https:\\\/\\\/clehaiti.org\\\/wp-content\\\/litespeed\\\/avatar\\\/680b4126ad098f7327639bec71e4123a.jpg?ver=1788285012\",\"url\":\"https:\\\/\\\/clehaiti.org\\\/wp-content\\\/litespeed\\\/avatar\\\/680b4126ad098f7327639bec71e4123a.jpg?ver=1788285012\",\"contentUrl\":\"https:\\\/\\\/clehaiti.org\\\/wp-content\\\/litespeed\\\/avatar\\\/680b4126ad098f7327639bec71e4123a.jpg?ver=1788285012\",\"caption\":\"Ketsia Sara Despeignes\"},\"url\":\"https:\\\/\\\/clehaiti.org\\\/fr\\\/author\\\/ketsia-sara-despeignes\\\/\"}]}<\/script>\n<!-- \/ Yoast SEO plugin. -->","yoast_head_json":{"title":"Yon ti j\u00e8s pou lavni : l\u00e8 j\u00e8n yo chwazi aji pou kominote yo - CLE HAITI","description":"\u00c8ske nou dwe toujou tann yon l\u00f2t moun vini ak solisyon l\u00e8 gen yon pwobl\u00e8m nan kominote nou ? Kisa nou kapab f\u00e8 poukont nou ? Se nan lide sa yon gwoup j\u00e8n ki soti nan plizy\u00e8 depatman, deside lanse yon inisyativ pou ede timoun yo nan pery\u00f2d rantre lek\u00f2l la. Se apre yo te konsate difikilte k\u00e8k paran ak timoun ap rankontre pou prepare retou lek\u00f2l la yo te deside lanse aksyon sa.","robots":{"index":"index","follow":"follow","max-snippet":"max-snippet:-1","max-image-preview":"max-image-preview:large","max-video-preview":"max-video-preview:-1"},"canonical":"https:\/\/clehaiti.org\/fr\/yon-ti-jes-pou-lavni-le-jen-yo-chwazi-aji-pou-kominote-yo\/","og_locale":"fr_FR","og_type":"article","og_title":"Yon ti j\u00e8s pou lavni : l\u00e8 j\u00e8n yo chwazi aji pou kominote yo - CLE HAITI","og_description":"\u00c8ske nou dwe toujou tann yon l\u00f2t moun vini ak solisyon l\u00e8 gen yon pwobl\u00e8m nan kominote nou ? Kisa nou kapab f\u00e8 poukont nou ? Se nan lide sa yon gwoup j\u00e8n ki soti nan plizy\u00e8 depatman, deside lanse yon inisyativ pou ede timoun yo nan pery\u00f2d rantre lek\u00f2l la. Se apre yo te konsate difikilte k\u00e8k paran ak timoun ap rankontre pou prepare retou lek\u00f2l la yo te deside lanse aksyon sa.","og_url":"https:\/\/clehaiti.org\/fr\/yon-ti-jes-pou-lavni-le-jen-yo-chwazi-aji-pou-kominote-yo\/","og_site_name":"CLE HAITI","article_published_time":"2026-09-01T17:10:58+00:00","article_modified_time":"2026-09-01T17:11:02+00:00","og_image":[{"width":2560,"height":1707,"url":"https:\/\/clehaiti.org\/wp-content\/uploads\/2026\/09\/DSC06924-1-scaled.jpg","type":"image\/jpeg"}],"author":"Ketsia Sara Despeignes","twitter_card":"summary_large_image","twitter_misc":{"\u00c9crit par":"Ketsia Sara Despeignes","Dur\u00e9e de lecture estim\u00e9e":"3 minutes"},"schema":{"@context":"https:\/\/schema.org","@graph":[{"@type":"Article","@id":"https:\/\/clehaiti.org\/yon-ti-jes-pou-lavni-le-jen-yo-chwazi-aji-pou-kominote-yo\/#article","isPartOf":{"@id":"https:\/\/clehaiti.org\/yon-ti-jes-pou-lavni-le-jen-yo-chwazi-aji-pou-kominote-yo\/"},"author":{"name":"Ketsia Sara Despeignes","@id":"https:\/\/clehaiti.org\/#\/schema\/person\/94ebf7721ed6da1793a3e4ecdb47b24a"},"headline":"Yon ti j\u00e8s pou lavni : l\u00e8 j\u00e8n yo chwazi aji pou kominote yo","datePublished":"2026-09-01T17:10:58+00:00","dateModified":"2026-09-01T17:11:02+00:00","mainEntityOfPage":{"@id":"https:\/\/clehaiti.org\/yon-ti-jes-pou-lavni-le-jen-yo-chwazi-aji-pou-kominote-yo\/"},"wordCount":517,"commentCount":0,"publisher":{"@id":"https:\/\/clehaiti.org\/#organization"},"image":{"@id":"https:\/\/clehaiti.org\/yon-ti-jes-pou-lavni-le-jen-yo-chwazi-aji-pou-kominote-yo\/#primaryimage"},"thumbnailUrl":"https:\/\/clehaiti.org\/wp-content\/uploads\/2026\/09\/DSC06924-1-scaled.jpg","keywords":["angaje","angajman","ayiti","bati avni","chanjman","clehaiti","j\u00e8n","kominote","lavni","leadership","lek\u00f2l","peyi","sitwayen"],"articleSection":["Istwa Angaje yo"],"inLanguage":"fr-FR","potentialAction":[{"@type":"CommentAction","name":"Comment","target":["https:\/\/clehaiti.org\/yon-ti-jes-pou-lavni-le-jen-yo-chwazi-aji-pou-kominote-yo\/#respond"]}]},{"@type":"WebPage","@id":"https:\/\/clehaiti.org\/yon-ti-jes-pou-lavni-le-jen-yo-chwazi-aji-pou-kominote-yo\/","url":"https:\/\/clehaiti.org\/yon-ti-jes-pou-lavni-le-jen-yo-chwazi-aji-pou-kominote-yo\/","name":"Yon ti j\u00e8s pou lavni : l\u00e8 j\u00e8n yo chwazi aji pou kominote yo - CLE HAITI","isPartOf":{"@id":"https:\/\/clehaiti.org\/#website"},"primaryImageOfPage":{"@id":"https:\/\/clehaiti.org\/yon-ti-jes-pou-lavni-le-jen-yo-chwazi-aji-pou-kominote-yo\/#primaryimage"},"image":{"@id":"https:\/\/clehaiti.org\/yon-ti-jes-pou-lavni-le-jen-yo-chwazi-aji-pou-kominote-yo\/#primaryimage"},"thumbnailUrl":"https:\/\/clehaiti.org\/wp-content\/uploads\/2026\/09\/DSC06924-1-scaled.jpg","datePublished":"2026-09-01T17:10:58+00:00","dateModified":"2026-09-01T17:11:02+00:00","description":"\u00c8ske nou dwe toujou tann yon l\u00f2t moun vini ak solisyon l\u00e8 gen yon pwobl\u00e8m nan kominote nou ? Kisa nou kapab f\u00e8 poukont nou ? Se nan lide sa yon gwoup j\u00e8n ki soti nan plizy\u00e8 depatman, deside lanse yon inisyativ pou ede timoun yo nan pery\u00f2d rantre lek\u00f2l la. Se apre yo te konsate difikilte k\u00e8k paran ak timoun ap rankontre pou prepare retou lek\u00f2l la yo te deside lanse aksyon sa.","breadcrumb":{"@id":"https:\/\/clehaiti.org\/yon-ti-jes-pou-lavni-le-jen-yo-chwazi-aji-pou-kominote-yo\/#breadcrumb"},"inLanguage":"fr-FR","potentialAction":[{"@type":"ReadAction","target":["https:\/\/clehaiti.org\/yon-ti-jes-pou-lavni-le-jen-yo-chwazi-aji-pou-kominote-yo\/"]}]},{"@type":"ImageObject","inLanguage":"fr-FR","@id":"https:\/\/clehaiti.org\/yon-ti-jes-pou-lavni-le-jen-yo-chwazi-aji-pou-kominote-yo\/#primaryimage","url":"https:\/\/clehaiti.org\/wp-content\/uploads\/2026\/09\/DSC06924-1-scaled.jpg","contentUrl":"https:\/\/clehaiti.org\/wp-content\/uploads\/2026\/09\/DSC06924-1-scaled.jpg","width":2560,"height":1707},{"@type":"BreadcrumbList","@id":"https:\/\/clehaiti.org\/yon-ti-jes-pou-lavni-le-jen-yo-chwazi-aji-pou-kominote-yo\/#breadcrumb","itemListElement":[{"@type":"ListItem","position":1,"name":"Home","item":"https:\/\/clehaiti.org\/"},{"@type":"ListItem","position":2,"name":"Yon ti j\u00e8s pou lavni : l\u00e8 j\u00e8n yo chwazi aji pou kominote yo"}]},{"@type":"WebSite","@id":"https:\/\/clehaiti.org\/#website","url":"https:\/\/clehaiti.org\/","name":"CLE HAITI","description":"Construire un plan de leadership pour le changement social en Ha\u00efti","publisher":{"@id":"https:\/\/clehaiti.org\/#organization"},"potentialAction":[{"@type":"SearchAction","target":{"@type":"EntryPoint","urlTemplate":"https:\/\/clehaiti.org\/?s={search_term_string}"},"query-input":{"@type":"PropertyValueSpecification","valueRequired":true,"valueName":"search_term_string"}}],"inLanguage":"fr-FR"},{"@type":"Organization","@id":"https:\/\/clehaiti.org\/#organization","name":"CLE HAITI","url":"https:\/\/clehaiti.org\/","logo":{"@type":"ImageObject","inLanguage":"fr-FR","@id":"https:\/\/clehaiti.org\/#\/schema\/logo\/image\/","url":"https:\/\/clehaiti.org\/wp-content\/uploads\/2021\/09\/cropped-cle_logo_combined_official-1.png","contentUrl":"https:\/\/clehaiti.org\/wp-content\/uploads\/2021\/09\/cropped-cle_logo_combined_official-1.png","width":7671,"height":2476,"caption":"CLE HAITI"},"image":{"@id":"https:\/\/clehaiti.org\/#\/schema\/logo\/image\/"}},{"@type":"Person","@id":"https:\/\/clehaiti.org\/#\/schema\/person\/94ebf7721ed6da1793a3e4ecdb47b24a","name":"Ketsia Sara Despeignes","image":{"@type":"ImageObject","inLanguage":"fr-FR","@id":"https:\/\/clehaiti.org\/wp-content\/litespeed\/avatar\/680b4126ad098f7327639bec71e4123a.jpg?ver=1788285012","url":"https:\/\/clehaiti.org\/wp-content\/litespeed\/avatar\/680b4126ad098f7327639bec71e4123a.jpg?ver=1788285012","contentUrl":"https:\/\/clehaiti.org\/wp-content\/litespeed\/avatar\/680b4126ad098f7327639bec71e4123a.jpg?ver=1788285012","caption":"Ketsia Sara Despeignes"},"url":"https:\/\/clehaiti.org\/fr\/author\/ketsia-sara-despeignes\/"}]}},"_links":{"self":[{"href":"https:\/\/clehaiti.org\/fr\/wp-json\/wp\/v2\/posts\/8607","targetHints":{"allow":["GET"]}}],"collection":[{"href":"https:\/\/clehaiti.org\/fr\/wp-json\/wp\/v2\/posts"}],"about":[{"href":"https:\/\/clehaiti.org\/fr\/wp-json\/wp\/v2\/types\/post"}],"author":[{"embeddable":true,"href":"https:\/\/clehaiti.org\/fr\/wp-json\/wp\/v2\/users\/11"}],"replies":[{"embeddable":true,"href":"https:\/\/clehaiti.org\/fr\/wp-json\/wp\/v2\/comments?post=8607"}],"version-history":[{"count":1,"href":"https:\/\/clehaiti.org\/fr\/wp-json\/wp\/v2\/posts\/8607\/revisions"}],"predecessor-version":[{"id":8609,"href":"https:\/\/clehaiti.org\/fr\/wp-json\/wp\/v2\/posts\/8607\/revisions\/8609"}],"wp:featuredmedia":[{"embeddable":true,"href":"https:\/\/clehaiti.org\/fr\/wp-json\/wp\/v2\/media\/8608"}],"wp:attachment":[{"href":"https:\/\/clehaiti.org\/fr\/wp-json\/wp\/v2\/media?parent=8607"}],"wp:term":[{"taxonomy":"category","embeddable":true,"href":"https:\/\/clehaiti.org\/fr\/wp-json\/wp\/v2\/categories?post=8607"},{"taxonomy":"post_tag","embeddable":true,"href":"https:\/\/clehaiti.org\/fr\/wp-json\/wp\/v2\/tags?post=8607"}],"curies":[{"name":"wp","href":"https:\/\/api.w.org\/{rel}","templated":true}]}}